{"id":1449,"__str__":"Anexos do Projeto - Despesa por Fun\u00e7\u00e3o/Sub/Programa Conforme V\u00ednculo de 02/10/2025 por ","link_detail_backend":"/materia/documentoacessorio/1449","metadata":{"signs":{"arquivo":{"admin":[],"autores":[["Alessandro Cristian Von Linsingen",["2025-09-30T16:13:17-03:00","ICP-Brasil - Certificado PF A1"]],["Felipe Kraus:040.478.310-42 1",["2025-09-30T14:17:22-03:00","MUNICIPIO DE RIO NEGRO"]],["Geovan da Silva:060.562.019-96 2",["2025-09-30T14:26:03-03:00","MUNICIPIO DE RIO NEGRO"]]]}}},"nome":"Despesa por Fun\u00e7\u00e3o/Sub/Programa Conforme V\u00ednculo","data":"2025-10-02","autor":"","ementa":"Despesa por Fun\u00e7\u00e3o/Sub/Programa Conforme V\u00ednculo de Recursos","indexacao":"","arquivo":"http://sapl.rionegro.pr.leg.br/media/sapl/public/documentoacessorio/2025/1449/anexo_08_-_despesa_por_funcao_sub_programa_conforme_vinculo_de_recursos.pdf","data_ultima_atualizacao":"2025-10-02T11:24:56.882115-03:00","materia":3117,"tipo":37}