{"id":1540,"__str__":"Relat\u00f3rio - Resposta Indica\u00e7\u00e3o de 21/10/2025 por ","link_detail_backend":"/materia/documentoacessorio/1540","metadata":{},"nome":"Resposta Indica\u00e7\u00e3o","data":"2025-10-21","autor":"","ementa":"calend\u00e1rio","indexacao":"","arquivo":"http://sapl.rionegro.pr.leg.br/media/sapl/public/documentoacessorio/2025/1540/calendario_natal-compactado.pdf","data_ultima_atualizacao":"2025-10-21T11:06:04.287347-03:00","materia":3125,"tipo":45}