{"id":1567,"__str__":"Relat\u00f3rio - Resposta Indica\u00e7\u00e3o de 24/10/2025 por ","link_detail_backend":"/materia/documentoacessorio/1567","metadata":{},"nome":"Resposta Indica\u00e7\u00e3o","data":"2025-10-24","autor":"","ementa":"Em resposta a indica\u00e7\u00e3o de n\u00famero 430/2025 , recebida do excelent\u00edssimo Vereador Landivo Geraldo de Oliveira Gruber, solicitando a an\u00e1lise de Viabilidade da promo\u00e7\u00e3o de Cursos Superiores no Distrito de Lageado, informamos a impossibilidade de atendimento desta solicita\u00e7\u00e3o, em fun\u00e7\u00e3o da Portaria n\u00ba 218 de 24 de setembro de 2018 da CAPES (Coordena\u00e7\u00e3o de Aperfei\u00e7oamento de Pessoal de N\u00edvel Superior), que no seu artigo 8\u00ba, inciso III, regulamenta que \" Na exist\u00eancia de um polo UAB no munic\u00edpio, somente ser\u00e1 considerada a candidatura de outro polo, se a popula\u00e7\u00e3o da regi\u00e3o\r\nfor superior a 500 mil habitantes. Sendo assim, infelizmente n\u00e3o temos condi\u00e7\u00f5es de atender a solicita\u00e7\u00e3o.","indexacao":"","arquivo":"http://sapl.rionegro.pr.leg.br/media/sapl/public/documentoacessorio/2025/1567/resposta_indicacao_430.2025.pdf","data_ultima_atualizacao":"2025-10-24T16:26:45.938608-03:00","materia":3063,"tipo":4}