{"id":1756,"__str__":"Relat\u00f3rio - Parecer reloca\u00e7\u00e3o Monumento de 17/12/2025 por Executivo Municipal","link_detail_backend":"/materia/documentoacessorio/1756","metadata":{"signs":{"arquivo":{"admin":[],"autores":[["Ana Leticia Valerio Hirt:007.023.349-79 1",["2025-10-30T15:35:16-03:00","MUNICIPIO DE RIO NEGRO"]]]}}},"nome":"Parecer reloca\u00e7\u00e3o Monumento","data":"2025-12-17","autor":"Executivo Municipal","ementa":"Parecer sobre a realoca\u00e7\u00e3o do monumento \u201cBenem\u00e9rito Manoel Ribas\u201d situado na Pra\u00e7a Jo\u00e3o Pessoa.","indexacao":"","arquivo":"http://sapl.rionegro.pr.leg.br/media/sapl/public/documentoacessorio/2025/1756/parecer_sobre_realocacao_monumento_manoel_ribas_24.10.2025.pdf","data_ultima_atualizacao":"2025-12-17T13:55:49.556325-03:00","materia":3187,"tipo":4}