{"id":24,"__str__":"Parecer de Legisla\u00e7\u00e3o, Justi\u00e7a e Reda\u00e7\u00e3o - Parecer de Legisla\u00e7\u00e3o, Justi\u00e7a e Reda\u00e7\u00e3o n\u00ba 074 de 05/06/2023 por C\u00e2mara","link_detail_backend":"/materia/documentoacessorio/24","metadata":{},"nome":"Parecer de Legisla\u00e7\u00e3o, Justi\u00e7a e Reda\u00e7\u00e3o n\u00ba 074","data":"2023-06-05","autor":"C\u00e2mara","ementa":"","indexacao":"","arquivo":"http://sapl.rionegro.pr.leg.br/media/sapl/public/documentoacessorio/2023/24/parecer_no_074_legislacao_justica_e_redacao.pdf","data_ultima_atualizacao":"2023-06-13T09:41:18.135294-03:00","materia":705,"tipo":18}