{"id":383,"__str__":"Emenda Aditiva - Emenda Aditiva n\u00ba 001.2024 de 04/03/2024 por ","link_detail_backend":"/materia/documentoacessorio/383","metadata":{},"nome":"Emenda Aditiva n\u00ba 001.2024","data":"2024-03-04","autor":"","ementa":"EMENDA ADITIVA N\u00ba 001/2024.\r\n\r\nPROJETO DE LEI N\u00ba 001/2024.\r\n\r\n\tA Comiss\u00e3o de Legisla\u00e7\u00e3o, Justi\u00e7a e Reda\u00e7\u00e3o, melhor analisando o Projeto de Lei supracitado, atendendo o que disp\u00f5em o par\u00e1grafo 6\u00ba do artigo 131 e o par\u00e1grafo 4\u00ba do artigo 104, ambos do Regimento Interno desta Casa, v\u00eam apresentar para an\u00e1lise do Plen\u00e1rio, a seguinte \u201cEmenda Aditiva\u201d, acrescentando o \u00a73\u00ba no artigo 1\u00ba, passando a integrar o Projeto de Lei com a seguinte reda\u00e7\u00e3o:\r\n\r\nDESCRI\u00c7\u00c3O:\r\n\r\nArt. 1\u00ba ...\r\n\u00a71\u00ba ...\r\n\u00a72\u00ba ...\r\n\u00a73\u00ba Fica autorizado ao Poder Executivo Municipal, a padroniza\u00e7\u00e3o e distribui\u00e7\u00e3o gratuita do \u201ccord\u00e3o de girassol\u201d \u00e0s pessoas com defici\u00eancias n\u00e3o vis\u00edveis residentes no Munic\u00edpio.\r\n\r\n\r\nJUSTIFICATIVA: A proposta ao inserir o dispositivo acima, t\u00eam por objetivo assegurar uma maior efetividade da norma em discuss\u00e3o, possibilitando ao Munic\u00edpio desenvolver um modelo local padr\u00e3o e oferecer gratuitamente \u00e0s pessoas com defici\u00eancias n\u00e3o vis\u00edveis residentes no Munic\u00edpio.","indexacao":"","arquivo":"http://sapl.rionegro.pr.leg.br/media/sapl/public/documentoacessorio/2024/383/emenda_aditiva_no_001.2024_referente_ao_pl_no_001.2024.pdf","data_ultima_atualizacao":"2024-04-01T14:49:43.413350-03:00","materia":1832,"tipo":27}