{"id":545,"__str__":"Of\u00edcio - Resposta Indica\u00e7\u00e3o 071 de 14/03/2025 por Prefeitura Municipal de Rio Negro. Secretaria Municipal de Sa\u00fade","link_detail_backend":"/materia/documentoacessorio/545","metadata":{"signs":{"arquivo":{"admin":[],"autores":[["Alessandro Cristian Von Linsingen",["2025-03-12T16:36:25-03:00","ICP-Brasil - Certificado PF A1"]],["Mayra Luana Konell:081.233.999-10 1",["2025-03-11T18:20:16-03:00","MUNICIPIO DE RIO NEGRO"]]]}}},"nome":"Resposta Indica\u00e7\u00e3o 071","data":"2025-03-14","autor":"Prefeitura Municipal de Rio Negro. Secretaria Municipal de Sa\u00fade","ementa":"Em resposta a Indica\u00e7\u00e3o 071/2025-CMRN, iniciativa do Ilustre, Presidente da C\u00e2mara Municipal, referente a \u201cSolicita a contrata\u00e7\u00e3o de um Odontologista, para atender na Unidade B\u00e1sica de Sa\u00fade, Ayres Hirt, no Bairro Alto\u201d informamos que:\r\nO Atendimento odontol\u00f3gico na unidade de Sa\u00fade do ESF Ayres Hirt, come\u00e7ou no dia 05/03/2025, com a cirurgi\u00e3 dentista Dra. Silmara A. Castaman e a ASB Suellen de Freitas, no hor\u00e1rio das 13:00h \u00e0s 17:00h.\r\nCertos do atendimento \u00e0 demanda solicitada, nos colocamos \u00e0 disposi\u00e7\u00e3o para qualquer d\u00favida e encerramos este, elevando votos de estima e considera\u00e7\u00e3o","indexacao":"","arquivo":"http://sapl.rionegro.pr.leg.br/media/sapl/public/documentoacessorio/2025/545/resposta_indicacao_071.2025._felipe.pdf","data_ultima_atualizacao":"2025-03-14T08:22:29.983885-03:00","materia":2505,"tipo":6}