{"id":889,"__str__":"Relat\u00f3rio - Resposta Indica\u00e7\u00e3o de 26/06/2025 por ","link_detail_backend":"/materia/documentoacessorio/889","metadata":{},"nome":"Resposta Indica\u00e7\u00e3o","data":"2025-06-26","autor":"","ementa":"Data do Movimento:\r\n27/05/2025 10:47:12\r\nUsu\u00e1rio:\r\nNESTOR HENRIQUE FADEL BICHESKI\r\nObserva\u00e7\u00e3o:\r\nindica\u00e7\u00e3o recebida para analise.","indexacao":"","arquivo":"http://sapl.rionegro.pr.leg.br/media/sapl/public/documentoacessorio/2025/889/resposta_indicacao_227.2025.pdf","data_ultima_atualizacao":"2025-06-26T15:30:28.865561-03:00","materia":2718,"tipo":45}