{"id":890,"__str__":"Relat\u00f3rio - Resposta Indica\u00e7\u00e3o de 26/06/2025 por ","link_detail_backend":"/materia/documentoacessorio/890","metadata":{},"nome":"Resposta Indica\u00e7\u00e3o","data":"2025-06-26","autor":"","ementa":"Data do Movimento:\r\n23/06/2025 10:02:22\r\nUsu\u00e1rio:\r\nMAICON ALEFFER DO PRADO\r\nObserva\u00e7\u00e3o:\r\nindica\u00e7\u00e3o recebida para an\u00e1lise.","indexacao":"","arquivo":"http://sapl.rionegro.pr.leg.br/media/sapl/public/documentoacessorio/2025/890/resposta_indicacao__245.2025.pdf","data_ultima_atualizacao":"2025-06-26T15:33:14.841349-03:00","materia":2752,"tipo":4}