{"id":1014,"__str__":"Emenda n\u00ba 1 de 2022","link_detail_backend":"/materia/1014","metadata":{},"numero":1,"ano":2022,"numero_protocolo":null,"data_apresentacao":"2022-06-10","tipo_apresentacao":"E","data_publicacao":null,"numero_origem_externa":"001","ano_origem_externa":2022,"data_origem_externa":null,"apelido":"Emenda Modificativa n\u00ba 001/2022","dias_prazo":null,"data_fim_prazo":null,"em_tramitacao":false,"polemica":false,"objeto":"","complementar":false,"ementa":"Emenda Modificativa n\u00ba 001/2022 referente ao Projeto de Lei n\u00ba 028/2022","indexacao":"","observacao":"Autoria da Comiss\u00e3o de Finan\u00e7as e Or\u00e7amento.\r\nVereadores \r\nElcio Josu\u00e9 Cola\u00e7o\r\nJo\u00e3o P\u00e9dro de Amorim\r\nJo\u00e3o Alves","resultado":"","texto_original":"http://sapl.rionegro.pr.leg.br/media/sapl/public/materialegislativa/2022/1014/emenda_modificativa_no_001.2022_referente_ao_pl._no_028.2022.pdf","data_ultima_atualizacao":"2023-07-07T15:13:38.530037-03:00","ip":"45.187.140.78","ultima_edicao":"2023-07-07T15:10:11.299676-03:00","tipo":11,"regime_tramitacao":2,"tipo_origem_externa":11,"local_origem_externa":null,"user":2,"anexadas":[],"autores":[21]}