{"id":1361,"__str__":"Indica\u00e7\u00e3o n\u00ba 154 de 2020","link_detail_backend":"/materia/1361","metadata":{},"numero":154,"ano":2020,"numero_protocolo":null,"data_apresentacao":"2020-08-04","tipo_apresentacao":"E","data_publicacao":null,"numero_origem_externa":"154","ano_origem_externa":2020,"data_origem_externa":null,"apelido":"Indica\u00e7\u00e3o 154/2020","dias_prazo":null,"data_fim_prazo":null,"em_tramitacao":false,"polemica":false,"objeto":"","complementar":false,"ementa":"Denomina\u00e7\u00e3o da Casa de Sa\u00fade da Mulher e da Crian\u00e7a","indexacao":"","observacao":"Iniciativa: Vereadores: \r\n\r\nSIDNEY ITAMAR WOLTER\t                        __\r\nALESSANDRO CRISTIAN VON LINSINGEN  \r\nGARI VINICIO KIATKOSKI                                \r\nELCIO JOSU\u00c9 COLA\u00c7O  \t                        \r\nRODRIGO OT\u00c1VIO GONDRO\t                          \r\nODAIR PEREIRA\t\t\t                       \r\nLUIZ LOUREN\u00c7O PIMENTEL NETO             \r\nJO\u00c3O ALVES\t\t\t\t            \r\nMAURICIO VAL\u00c9RIO","resultado":"","texto_original":"http://sapl.rionegro.pr.leg.br/media/sapl/public/materialegislativa/2020/1361/154.2020.pdf","data_ultima_atualizacao":"2023-07-25T11:02:35.250047-03:00","ip":"45.187.140.78","ultima_edicao":"2023-07-25T11:02:35.046556-03:00","tipo":10,"regime_tramitacao":2,"tipo_origem_externa":10,"local_origem_externa":null,"user":2,"anexadas":[],"autores":[40]}