{"id":1404,"__str__":"Parecer Jur\u00eddico n\u00ba 21 de 2023","link_detail_backend":"/materia/1404","metadata":{},"numero":21,"ano":2023,"numero_protocolo":null,"data_apresentacao":"2023-05-08","tipo_apresentacao":"E","data_publicacao":null,"numero_origem_externa":"021","ano_origem_externa":2023,"data_origem_externa":null,"apelido":"Parecer n\u00ba 021","dias_prazo":null,"data_fim_prazo":null,"em_tramitacao":false,"polemica":false,"objeto":"","complementar":false,"ementa":"PARECER N\u00ba. 021/2023\r\n\r\nOBJETO: PROJETO DE LEI N\u00ba 020/2023\r\n \r\nEMENTA: \u201cDisp\u00f5e sobre a cess\u00e3o de servidores da Administra\u00e7\u00e3o P\u00fablica Municipal a \u00f3rg\u00e3o ou entidade dos Poderes do Munic\u00edpio, da Uni\u00e3o, do Estado e de outros Munic\u00edpios, e d\u00e1 outras provid\u00eancias.\u201d","indexacao":"","observacao":"","resultado":"","texto_original":null,"data_ultima_atualizacao":"2023-07-25T14:46:18.809432-03:00","ip":"45.187.140.78","ultima_edicao":"2023-07-25T14:44:39.760632-03:00","tipo":13,"regime_tramitacao":2,"tipo_origem_externa":13,"local_origem_externa":null,"user":2,"anexadas":[],"autores":[]}