{"id":1578,"__str__":"Parecer de Legisla\u00e7\u00e3o, Justi\u00e7a e Reda\u00e7\u00e3o n\u00ba 111 de 2023","link_detail_backend":"/materia/1578","metadata":{},"numero":111,"ano":2023,"numero_protocolo":null,"data_apresentacao":"2023-07-17","tipo_apresentacao":"E","data_publicacao":null,"numero_origem_externa":"111","ano_origem_externa":2023,"data_origem_externa":null,"apelido":"Parecer n\u00ba 111","dias_prazo":null,"data_fim_prazo":null,"em_tramitacao":false,"polemica":false,"objeto":"","complementar":false,"ementa":"PARECER N\u00ba 111 \r\nPROJETO DE LEI ORDIN\u00c1RIA N\u00ba 053/2023.\r\nEmenta: \u201cDisp\u00f5e sobre abertura de cr\u00e9dito adicional especial.\u201d","indexacao":"","observacao":"","resultado":"","texto_original":"http://sapl.rionegro.pr.leg.br/media/sapl/public/materialegislativa/2023/1578/parecer_no_111_leg_referente_ao_pl_no_053.2023.pdf","data_ultima_atualizacao":"2023-08-14T11:21:49.879019-03:00","ip":"45.187.140.78","ultima_edicao":"2023-08-14T11:20:04.430973-03:00","tipo":15,"regime_tramitacao":2,"tipo_origem_externa":15,"local_origem_externa":null,"user":2,"anexadas":[],"autores":[6]}