{"id":184,"__str__":"Indica\u00e7\u00e3o n\u00ba 392 de 2021","link_detail_backend":"/materia/184","metadata":{},"numero":392,"ano":2021,"numero_protocolo":null,"data_apresentacao":"2021-11-22","tipo_apresentacao":"E","data_publicacao":null,"numero_origem_externa":"","ano_origem_externa":null,"data_origem_externa":null,"apelido":"","dias_prazo":null,"data_fim_prazo":null,"em_tramitacao":false,"polemica":false,"objeto":"","complementar":false,"ementa":"O Vereador que a presente subscreve, no uso de suas atribui\u00e7\u00f5es regimentais, vem solicitar ao Senhor Prefeito Municipal que viabilize junto ao Setor competente, a constru\u00e7\u00e3o de cal\u00e7ada na Marginal Luiz Carlos Pereira Tourinho, desde o Com\u00e9rcio do Veras at\u00e9 a Empresa Vidra\u00e7aria Linde, e v\u00e1rios trechos ao longo da mesma via at\u00e9 a bifurca\u00e7\u00e3o com a Rua Carlos Schneider em frente a auto el\u00e9trica.\r\n\r\nJustificativa: Com o grande aumento de tr\u00e1fego nessa via nos hor\u00e1rios de pico, os pedestres as vezes tem que usar a rua para se locomover, pois a mesma n\u00e3o tem cal\u00e7ada, a maior preocupa\u00e7\u00e3o \u00e9 a partir de Janeiro de 2022, com a mudan\u00e7a da compra do fumo por parte da Souza Cruz na Empresa Universal Leaf Tabaco, o tr\u00e1fego vai aumentar ainda mais, por isso j\u00e1 dever\u00edamos estar preparado para que nem um problema venha acontecer \u00e0 nossa popula\u00e7\u00e3o.","indexacao":"","observacao":"","resultado":"","texto_original":"http://sapl.rionegro.pr.leg.br/media/sapl/public/materialegislativa/2021/184/392.2021.pdf","data_ultima_atualizacao":"2023-06-12T14:53:22.088939-03:00","ip":"45.187.140.78","ultima_edicao":"2023-06-12T14:53:21.945436-03:00","tipo":10,"regime_tramitacao":2,"tipo_origem_externa":null,"local_origem_externa":null,"user":2,"anexadas":[],"autores":[19]}