{"id":210,"__str__":"Indica\u00e7\u00e3o n\u00ba 122 de 2022","link_detail_backend":"/materia/210","metadata":{},"numero":122,"ano":2022,"numero_protocolo":null,"data_apresentacao":"2022-05-16","tipo_apresentacao":"E","data_publicacao":null,"numero_origem_externa":"","ano_origem_externa":null,"data_origem_externa":null,"apelido":"","dias_prazo":null,"data_fim_prazo":null,"em_tramitacao":false,"polemica":false,"objeto":"","complementar":false,"ementa":"A Vereadora que a presente subscreve, no uso de suas atribui\u00e7\u00f5es regimentais, vem reiterar ao Executivo Municipal, o pedido contido na Indica\u00e7\u00e3o n\u00ba 137, datada de 01.03.2021, de sua autoria, solicitando para que realize o alargamento da Estrada que d\u00e1 acesso a Fazendinha II, bem como a Estrada Secund\u00e1ria que d\u00e1 acesso a Igreja da Fazendinha I.\r\n\r\nJustificativa: Tal pedido se justifica em raz\u00e3o de que muitas vezes o \u00f4nibus escolar e outros ve\u00edculos tem que voltar v\u00e1rios metros at\u00e9 achar uma entrada, pois n\u00e3o tem como passar dois ve\u00edculos grandes ao mesmo tempo.","indexacao":"","observacao":"","resultado":"","texto_original":"http://sapl.rionegro.pr.leg.br/media/sapl/public/materialegislativa/2022/210/indicacao_no_122.2022.pdf","data_ultima_atualizacao":"2022-09-26T09:54:17.030978-03:00","ip":"200.53.20.204","ultima_edicao":"2022-09-26T09:53:00.019243-03:00","tipo":10,"regime_tramitacao":2,"tipo_origem_externa":null,"local_origem_externa":null,"user":2,"anexadas":[],"autores":[26]}