{"id":233,"__str__":"Indica\u00e7\u00e3o n\u00ba 375 de 2021","link_detail_backend":"/materia/233","metadata":{},"numero":375,"ano":2021,"numero_protocolo":null,"data_apresentacao":"2021-10-18","tipo_apresentacao":"E","data_publicacao":null,"numero_origem_externa":"","ano_origem_externa":null,"data_origem_externa":null,"apelido":"","dias_prazo":null,"data_fim_prazo":null,"em_tramitacao":false,"polemica":false,"objeto":"","complementar":false,"ementa":"O Vereador que a presente subscreve, no uso de suas atribui\u00e7\u00f5es regimentais, vem solicitar ao Executivo Municipal, atrav\u00e9s das Secretarias de Meio Ambiente e de Obras, estudos de viabilidade para cria\u00e7\u00e3o de uma Pra\u00e7a em um terreno que foi doado por Ervino e Vera Zaranski ao Munic\u00edpio h\u00e1 mais de 10 anos, situado na esquina da Rua Jo\u00e3o Herzer com a Rua Professor Pl\u00ednio Stange. Sugiro ainda que sejam homenageados com o nome da Pra\u00e7a os pais da Sra. Vera, o Senhor Assis e a Senhora Lucila Campos.","indexacao":"","observacao":"","resultado":"","texto_original":"http://sapl.rionegro.pr.leg.br/media/sapl/public/materialegislativa/2021/233/375.2021.pdf","data_ultima_atualizacao":"2023-06-12T14:16:24.280121-03:00","ip":"45.187.140.78","ultima_edicao":"2023-06-12T14:16:24.128721-03:00","tipo":10,"regime_tramitacao":2,"tipo_origem_externa":null,"local_origem_externa":null,"user":2,"anexadas":[],"autores":[27]}