{"id":237,"__str__":"Indica\u00e7\u00e3o n\u00ba 347 de 2021","link_detail_backend":"/materia/237","metadata":{},"numero":347,"ano":2021,"numero_protocolo":null,"data_apresentacao":"2021-10-25","tipo_apresentacao":"E","data_publicacao":null,"numero_origem_externa":"","ano_origem_externa":null,"data_origem_externa":null,"apelido":"","dias_prazo":null,"data_fim_prazo":null,"em_tramitacao":false,"polemica":false,"objeto":"","complementar":false,"ementa":"O Vereador que a presente subscreve, no uso de suas atribui\u00e7\u00f5es regimentais, vem reiterar em parte ao Executivo Municipal, o pedido contido na Indica\u00e7\u00e3o n\u00ba 062, datada de 04.02.2021, de sua autoria, solicitando para que atrav\u00e9s do Setor Competente, seja inclu\u00eddo no programa de pavimenta\u00e7\u00e3o asf\u00e1ltica a Rua Jo\u00e3o Al\u00edpio, no Bairro Alto.","indexacao":"","observacao":"","resultado":"","texto_original":"http://sapl.rionegro.pr.leg.br/media/sapl/public/materialegislativa/2021/237/347.2021.pdf","data_ultima_atualizacao":"2023-06-12T13:54:21.617151-03:00","ip":"45.187.140.78","ultima_edicao":"2023-06-12T13:54:21.483589-03:00","tipo":10,"regime_tramitacao":2,"tipo_origem_externa":null,"local_origem_externa":null,"user":2,"anexadas":[],"autores":[20]}