{"id":2524,"__str__":"Indica\u00e7\u00e3o n\u00ba 84 de 2025","link_detail_backend":"/materia/2524","metadata":{"signs":{"texto_original":{"admin":[],"autores":[["Isabel Cristina Grossl:519.782.539-15 1",["2025-03-07T17:04:09-03:00","MUNICIPIO DE RIO NEGRO"]]]}}},"numero":84,"ano":2025,"numero_protocolo":737,"data_apresentacao":"2025-03-06","tipo_apresentacao":"E","data_publicacao":null,"numero_origem_externa":"","ano_origem_externa":null,"data_origem_externa":null,"apelido":"","dias_prazo":null,"data_fim_prazo":null,"em_tramitacao":false,"polemica":false,"objeto":"","complementar":false,"ementa":"Solicita ao Executivo Municipal que realize, alargamento e no estacionamento na Rua Ludovico Schuster.","indexacao":"","observacao":"A presente solicita\u00e7\u00e3o tem como objetivo otimizar o tr\u00e1fego local e proporcionar melhores condi\u00e7\u00f5es de mobilidade e seguran\u00e7a para motoristas e pedestres. \u00c9 importante destacar que, paralelamente ao Est\u00e1dio Municipal Ervino Metzger, h\u00e1 uma \u00e1rea de aproximadamente seis metros entre a via e o muro do est\u00e1dio. Esse espa\u00e7o pode ser aproveitado para a realiza\u00e7\u00e3o das referidas melhorias, promovendo maior organiza\u00e7\u00e3o do estacionamento e facilitando a circula\u00e7\u00e3o de ve\u00edculos na regi\u00e3o. Al\u00e9m disso, em frente ao posto de sa\u00fade, tamb\u00e9m existe uma \u00e1rea que pode ser utilizada para estacionamento e alargamento da via, contribuindo para a fluidez do tr\u00e1fego e garantindo mais comodidade aos usu\u00e1rios do servi\u00e7o de sa\u00fade.\r\nVale ressaltar que uma interven\u00e7\u00e3o semelhante j\u00e1 foi realizada na Rua Severo de Almeida, em frente a Escola Estadual In\u00e1cio Schelbauer, resultando em benef\u00edcios significativos para a comunidade local. Assim, com base nessa experi\u00eancia bem-sucedida, acreditamos que a adequa\u00e7\u00e3o da Rua Ludovico Schuster trar\u00e1 impactos igualmente positivos para os moradores, visitantes e demais usu\u00e1rios da via, lembrando ainda, que esta via \u00e9 utilizada por motoristas e turistas que vem de outras cidades em dire\u00e7\u00e3o ao Semin\u00e1rio Ser\u00e1fico, atual sede do Executivo Municipal.\r\nTr\u00e2mite no processo digital n\u00ba 6279/2025 C\u00f3d. Verificador: HIYCW9P8","resultado":"","texto_original":"http://sapl.rionegro.pr.leg.br/media/sapl/public/materialegislativa/2025/2524/ind._84-25.pdf","data_ultima_atualizacao":"2025-03-12T10:39:42.253029-03:00","ip":"45.187.140.14","ultima_edicao":"2025-03-12T10:39:10.577392-03:00","tipo":10,"regime_tramitacao":2,"tipo_origem_externa":null,"local_origem_externa":null,"user":17,"anexadas":[],"autores":[23]}