{"id":2536,"__str__":"Indica\u00e7\u00e3o n\u00ba 95 de 2025","link_detail_backend":"/materia/2536","metadata":{},"numero":95,"ano":2025,"numero_protocolo":749,"data_apresentacao":"2025-03-10","tipo_apresentacao":"E","data_publicacao":null,"numero_origem_externa":"","ano_origem_externa":null,"data_origem_externa":null,"apelido":"","dias_prazo":null,"data_fim_prazo":null,"em_tramitacao":false,"polemica":false,"objeto":"","complementar":false,"ementa":"Solicita\u00e7\u00e3o ao Executivo Municipal, atrav\u00e9s do Conselho de Tr\u00e2nsito e das Secretarias de Obras e Ind\u00fastria e Com\u00e9rcio, para estudos de readequa\u00e7\u00e3o do tr\u00e2nsito na regi\u00e3o central, com altera\u00e7\u00e3o de sentidos nas ruas Vicente Machado, 7 de Setembro, Get\u00falio Vargas e Cel Nicolau Bley Neto, visando otimizar o fluxo de ve\u00edculos.","indexacao":"","observacao":"Por solicita\u00e7\u00e3o de comerciantes, se faz necess\u00e1rio reoxigenar o Com\u00e9rcio das ruas citadas, principalmente Get\u00falio Vargas e adjac\u00eancias, alguns comerciantes fizeram investimentos em seus estabelecimentos e amargam falta de movimento em seus Com\u00e9rcios. Abertura do cal\u00e7ad\u00e3o favoreceu o direcionamento para outro Estado,  transformando-se em  um corredor para quem vai para outro Munic\u00edpio. Precisamos fortalecer o Com\u00e9rcio no Centro de Rio Negro. Acredito que possa ser uma alternativa vi\u00e1vel, cada Gestor precisa cuidar de seus contribuintes.\r\nTramitado em Processo Digital: N\u00b0 6298/2025 C\u00f3d. Verificador: 79M75DS9","resultado":"","texto_original":"http://sapl.rionegro.pr.leg.br/media/sapl/public/materialegislativa/2025/2536/ind._095-2025_solicitacao_de_readequacao_de_sentidos_de_ruas_centro.docx_-_documentos_google.pdf","data_ultima_atualizacao":"2025-03-12T11:23:19.176567-03:00","ip":"45.187.140.14","ultima_edicao":"2025-03-12T11:22:54.114877-03:00","tipo":10,"regime_tramitacao":2,"tipo_origem_externa":null,"local_origem_externa":null,"user":16,"anexadas":[],"autores":[21]}