{"id":2602,"__str__":"Indica\u00e7\u00e3o n\u00ba 152 de 2025","link_detail_backend":"/materia/2602","metadata":{"signs":{"texto_original":{"admin":[],"autores":[["Luiz Felipe Stafin:108.403.169-84 1",["2025-04-01T12:58:51-03:00","MUNICIPIO DE RIO NEGRO"]]]}}},"numero":152,"ano":2025,"numero_protocolo":851,"data_apresentacao":"2025-03-31","tipo_apresentacao":"E","data_publicacao":null,"numero_origem_externa":"","ano_origem_externa":null,"data_origem_externa":null,"apelido":"","dias_prazo":null,"data_fim_prazo":null,"em_tramitacao":false,"polemica":false,"objeto":"","complementar":false,"ementa":"Solicita\u00e7\u00e3o ao Poder Executivo Municipal para a instala\u00e7\u00e3o de um parque infantil em terreno pertencente \u00e0 Prefeitura, localizado ao lado do Col\u00e9gio Maximiano Pfeffer, na Rua Luis Neppel, no centro do Distrito de Lageado dos Vieiras.","indexacao":"","observacao":"A presente indica\u00e7\u00e3o tem como objetivo proporcionar um espa\u00e7o adequado para lazer e recrea\u00e7\u00e3o das crian\u00e7as da comunidade. Atualmente, a aus\u00eancia de um parque infantil na regi\u00e3o limita as op\u00e7\u00f5es de entretenimento e desenvolvimento social das crian\u00e7as, que necessitam de um ambiente seguro e apropriado para suas atividades l\u00fadicas.\r\nA instala\u00e7\u00e3o do parque infantil contribuir\u00e1 significativamente para o bem-estar das fam\u00edlias locais, promovendo maior qualidade de vida e incentivando a conviv\u00eancia comunit\u00e1ria. Al\u00e9m disso, um espa\u00e7o destinado \u00e0s crian\u00e7as auxilia no desenvolvimento motor, cognitivo e social, sendo fundamental para sua forma\u00e7\u00e3o.\r\nDiante do exposto, solicito que o Poder Executivo estude a viabilidade da implanta\u00e7\u00e3o desse equipamento p\u00fablico, visando atender essa importante demanda da popula\u00e7\u00e3o.\r\n\r\nTr\u00e2mite no processo digital n\u00ba 8118/2025 C\u00f3d. Verificador: 0W5SOAD1","resultado":"","texto_original":"http://sapl.rionegro.pr.leg.br/media/sapl/public/materialegislativa/2025/2602/ind._152-2025.pdf","data_ultima_atualizacao":"2025-04-02T09:44:00.278969-03:00","ip":"45.187.140.14","ultima_edicao":"2025-04-02T09:43:37.530994-03:00","tipo":10,"regime_tramitacao":2,"tipo_origem_externa":null,"local_origem_externa":null,"user":17,"anexadas":[],"autores":[56]}