{"id":2656,"__str__":"Requerimento n\u00ba 25 de 2025","link_detail_backend":"/materia/2656","metadata":{},"numero":25,"ano":2025,"numero_protocolo":924,"data_apresentacao":"2025-04-17","tipo_apresentacao":"E","data_publicacao":null,"numero_origem_externa":"","ano_origem_externa":null,"data_origem_externa":null,"apelido":"","dias_prazo":null,"data_fim_prazo":null,"em_tramitacao":true,"polemica":false,"objeto":"","complementar":false,"ementa":"Solicita duas Vagas de Estacionamento: Estacionamento Especial e Estacionamento Rotativa Com Tempo Determinado em frente das Cl\u00ednicas Endocolo Viver Bem:","indexacao":"","observacao":"Proposi\u00e7\u00e3o apresentada em conjunto com os Vereadores: Geovane de Lima e Elcio Josu\u00e9 Cola\u00e7o.\r\n\r\nProposi\u00e7\u00e3o cancelada e convertida em Indica\u00e7\u00e3o: IND 194/2025 - Indica\u00e7\u00e3o","resultado":"","texto_original":"http://sapl.rionegro.pr.leg.br/media/sapl/public/materialegislativa/2025/2656/req._25-25_vaga_de_estacionamento_clinica_endocolo.docx_-_documentos_google.pdf","data_ultima_atualizacao":"2025-06-26T16:46:43.169099-03:00","ip":"45.187.140.14","ultima_edicao":"2025-06-26T16:46:43.050154-03:00","tipo":7,"regime_tramitacao":2,"tipo_origem_externa":null,"local_origem_externa":null,"user":16,"anexadas":[],"autores":[52]}