{"id":2682,"__str__":"Indica\u00e7\u00e3o n\u00ba 203 de 2025","link_detail_backend":"/materia/2682","metadata":{},"numero":203,"ano":2025,"numero_protocolo":958,"data_apresentacao":"2025-04-28","tipo_apresentacao":"E","data_publicacao":null,"numero_origem_externa":"","ano_origem_externa":null,"data_origem_externa":null,"apelido":"","dias_prazo":null,"data_fim_prazo":null,"em_tramitacao":false,"polemica":false,"objeto":"","complementar":false,"ementa":"Solicita ao Executivo Municipal a reforma dos muros, cercas e port\u00f5es da Unidade de Sa\u00fade Jos\u00e9 Euclides Braz, localizada na comunidade da Fazendinha.","indexacao":"","observacao":"O pedido se justifica em raz\u00e3o do estado de deteriora\u00e7\u00e3o das estruturas, especialmente os port\u00f5es, que atualmente n\u00e3o fecham adequadamente, comprometendo a seguran\u00e7a do local. A Unidade de Sa\u00fade \u00e9 um espa\u00e7o essencial para o atendimento da popula\u00e7\u00e3o, e precisa estar devidamente protegida e em boas condi\u00e7\u00f5es de funcionamento.\r\nSugere-se que o novo muro acompanhe o padr\u00e3o da escola situada ao lado da unidade, garantindo, al\u00e9m da seguran\u00e7a, a harmonia est\u00e9tica e urban\u00edstica do local.\r\nDiante da relev\u00e2ncia do pleito para a seguran\u00e7a dos funcion\u00e1rios, pacientes e para a preserva\u00e7\u00e3o do patrim\u00f4nio p\u00fablico, conto com o apoio do Executivo Municipal.\r\nTr\u00e2mite no processo digital n\u00ba 10210/2025 C\u00f3d. Verificador: IXE4425M","resultado":"","texto_original":"http://sapl.rionegro.pr.leg.br/media/sapl/public/materialegislativa/2025/2682/ind._203-25_reforma_muros_ubs_fazendinha.pdf","data_ultima_atualizacao":"2025-04-30T13:55:45.071721-03:00","ip":"45.187.140.14","ultima_edicao":"2025-04-30T13:55:19.078383-03:00","tipo":10,"regime_tramitacao":2,"tipo_origem_externa":null,"local_origem_externa":null,"user":17,"anexadas":[],"autores":[26]}