{"id":2693,"__str__":"Indica\u00e7\u00e3o n\u00ba 210 de 2025","link_detail_backend":"/materia/2693","metadata":{},"numero":210,"ano":2025,"numero_protocolo":971,"data_apresentacao":"2025-05-05","tipo_apresentacao":"E","data_publicacao":null,"numero_origem_externa":"","ano_origem_externa":null,"data_origem_externa":null,"apelido":"","dias_prazo":null,"data_fim_prazo":null,"em_tramitacao":false,"polemica":false,"objeto":"","complementar":false,"ementa":"Sugere \u00e0 Secretaria Municipal de Educa\u00e7\u00e3o a realiza\u00e7\u00e3o de uma reuni\u00e3o no Munic\u00edpio de Pi\u00ean com o objetivo de tratar sobre uma poss\u00edvel parceria entre os munic\u00edpios visando o atendimento de crian\u00e7as autistas residentes no Distrito do Lageado dos Vieiras.","indexacao":"","observacao":"Proposi\u00e7\u00e3o em conjunto dos Vereadores: LANDIVO GERALDO DE OLIVEIRA GRUBER - PSD - MARIA C\u00c9LIA CONTE - Uni\u00e3o\r\n\r\nconhecimento p\u00fablico que o Munic\u00edpio de Pi\u00ean conta com a Associa\u00e7\u00e3o de Amigos do Autista \u2013 AMA, que oferece diversos atendimentos especializados para crian\u00e7as autistas, incluindo servi\u00e7os de fonoaudiologia, psicologia e psicoterapia. Al\u00e9m disso, a AMA realiza atividades terap\u00eauticas como ecoterapia, terapia ocupacional, entre outras pr\u00e1ticas fundamentais para o desenvolvimento integral dessas crian\u00e7as. Considerando a car\u00eancia de atendimentos especializados na regi\u00e3o do Lageado dos Vieiras e a relev\u00e2ncia de garantir o acesso a terapias adequadas para crian\u00e7as com Transtorno do Espectro Autista (TEA), \u00e9 de extrema import\u00e2ncia que o Poder Executivo busque alternativas que possam beneficiar essas fam\u00edlias. Uma parceria com a AMA, por meio da Secretaria de Educa\u00e7\u00e3o, poder\u00e1 proporcionar uma rede de apoio mais robusta e eficaz, promovendo qualidade de vida e inclus\u00e3o \u00e0s crian\u00e7as autistas do distrito. Segue em anexo uma rela\u00e7\u00e3o contendo 35 alunos j\u00e1 cadastrados, residentes no Distrito do Lageado dos Vieiras, dos quais alguns j\u00e1 realizam terapias especializadas, enquanto outros aguardam acesso aos atendimentos necess\u00e1rios. Esse levantamento refor\u00e7a a urg\u00eancia da iniciativa e evidencia a demanda real existente na comunidade.\r\nDesta forma, solicito a aten\u00e7\u00e3o do Executivo Municipal para que esta indica\u00e7\u00e3o seja acolhida e transformada em a\u00e7\u00e3o concreta, em benef\u00edcio da popula\u00e7\u00e3o.\r\nTr\u00e2mite no processo digital n\u00ba N\u00b0 10574/2025 C\u00f3d. Verificador: 11M25S30","resultado":"","texto_original":"http://sapl.rionegro.pr.leg.br/media/sapl/public/materialegislativa/2025/2693/ind_210-2025_reuniao_secr_da_educacao_com_municipio_de_pien.docx_-_documentos_google.pdf","data_ultima_atualizacao":"2025-05-07T11:30:13.634712-03:00","ip":"45.187.140.14","ultima_edicao":"2025-05-07T11:29:50.129421-03:00","tipo":10,"regime_tramitacao":2,"tipo_origem_externa":null,"local_origem_externa":null,"user":17,"anexadas":[],"autores":[54,26]}