{"id":2749,"__str__":"Indica\u00e7\u00e3o n\u00ba 243 de 2025","link_detail_backend":"/materia/2749","metadata":{"signs":{"texto_original":{"admin":[],"autores":[["Neusa Heuko Swarowski:607.084.259-68 1",["2025-05-19T15:55:11-03:00","MUNICIPIO DE RIO NEGRO"]]]}}},"numero":243,"ano":2025,"numero_protocolo":1047,"data_apresentacao":"2025-05-19","tipo_apresentacao":"E","data_publicacao":null,"numero_origem_externa":"","ano_origem_externa":null,"data_origem_externa":null,"apelido":"","dias_prazo":null,"data_fim_prazo":null,"em_tramitacao":false,"polemica":false,"objeto":"","complementar":false,"ementa":"Solicita ao Executivo Municipal  que entre em contato com o \u00f3rg\u00e3o  respons\u00e1vel  pela publicidade do Governo  do Estado,  para a realoca\u00e7\u00e3o da Placa Publicit\u00e1ria  que hoje est\u00e1 localizada as margens da BR 116 pr\u00f3ximo  do Rio Passa Tr\u00eas e do Frigor\u00edfico Primaz, para a real divisa  dos munic\u00edpios  de Mafra e Rio Negro.","indexacao":"","observacao":"A realoca\u00e7\u00e3o da placa publicit\u00e1ria se faz necess\u00e1ria, tendo em vista que, da forma como est\u00e1 atualmente posicionada \u00e0s margens da BR-116, nas proximidades do Rio Passa Tr\u00eas e das localidades de Cunhup\u00e3 e Roseira, transmite-se equivocadamente a impress\u00e3o de que a divisa entre os Estados de Santa Catarina e Paran\u00e1 se encontra naquela regi\u00e3o.\r\nTal posicionamento incorreto pode levar \u00e0 falsa percep\u00e7\u00e3o de que o munic\u00edpio de Rio Negro pertence ao Estado de Santa Catarina, quando, na realidade, a divisa oficial entre os estados ocorre sobre o Rio Negro, no bairro Fronteira.\r\nDessa forma, a corre\u00e7\u00e3o da localiza\u00e7\u00e3o da referida placa n\u00e3o s\u00f3 contribuir\u00e1 para a precis\u00e3o geogr\u00e1fica e institucional, como tamb\u00e9m evitar\u00e1 desinforma\u00e7\u00e3o \u00e0 popula\u00e7\u00e3o e visitantes, preservando a correta identifica\u00e7\u00e3o territorial dos munic\u00edpios e dos estados envolvidos.\r\nTr\u00e2mite Processo Digital: N\u00b0 11821/2025 C\u00f3d. Verificador: LD39L349","resultado":"","texto_original":"http://sapl.rionegro.pr.leg.br/media/sapl/public/materialegislativa/2025/2749/ind._243-25_realocacao_da_placa_publicitaria__que_hoje_esta_localizada_as_margens_da_br_116_proximo__do_rio_passa_tres_e_do_frigorifico_primaz_para_a_real_divisa__dos_municipios__de.pdf","data_ultima_atualizacao":"2025-05-21T10:09:54.518858-03:00","ip":"45.187.140.14","ultima_edicao":"2025-05-21T10:09:32.528756-03:00","tipo":10,"regime_tramitacao":2,"tipo_origem_externa":null,"local_origem_externa":null,"user":16,"anexadas":[],"autores":[53]}