{"id":2831,"__str__":"Indica\u00e7\u00e3o n\u00ba 291 de 2025","link_detail_backend":"/materia/2831","metadata":{},"numero":291,"ano":2025,"numero_protocolo":1151,"data_apresentacao":"2025-06-16","tipo_apresentacao":"E","data_publicacao":null,"numero_origem_externa":"","ano_origem_externa":null,"data_origem_externa":null,"apelido":"","dias_prazo":null,"data_fim_prazo":null,"em_tramitacao":false,"polemica":false,"objeto":"","complementar":false,"ementa":"Indica ao Executivo Municipal a necessidade de melhorias na ponte de madeira localizada na Rua Henrique Lazarini, nas proximidades da propriedade do Sr. Cabral, cujas cabeceiras tiveram a sustenta\u00e7\u00e3o comprometida pela a\u00e7\u00e3o da \u00e1gua da chuva.","indexacao":"","observacao":"A ponte de madeira em quest\u00e3o apresenta danos significativos nas cabeceiras, causados pela eros\u00e3o decorrente das chuvas intensas, que removeram parte do aterro e da base de sustenta\u00e7\u00e3o, gerando risco iminente de colapso estrutural. A condi\u00e7\u00e3o atual da ponte compromete o tr\u00e1fego de ve\u00edculos e pedestres, afetando diretamente os moradores da regi\u00e3o, incluindo o Sr. Cabral, cuja propriedade depende do acesso por essa via.\r\nA via \u00e9 de uso constante para o deslocamento de moradores, transporte de mercadorias e servi\u00e7os essenciais. O estado de deteriora\u00e7\u00e3o coloca em risco a seguran\u00e7a p\u00fablica e pode levar ao isolamento de fam\u00edlias e preju\u00edzos econ\u00f4micos.\r\nPor esses motivos, a interven\u00e7\u00e3o urgente \u00e9 necess\u00e1ria para restaurar a funcionalidade da ponte, garantir a seguran\u00e7a da popula\u00e7\u00e3o e preservar o acesso \u00e0 zona rural.\r\nTr\u00e2mite no Processo Digital: N\u00b0 14445/2025 C\u00f3d. Verificador: GTO07YM7","resultado":"","texto_original":"http://sapl.rionegro.pr.leg.br/media/sapl/public/materialegislativa/2025/2831/ind._291.pdf","data_ultima_atualizacao":"2025-06-18T09:51:16.450072-03:00","ip":"45.187.140.14","ultima_edicao":"2025-06-18T09:50:44.944722-03:00","tipo":10,"regime_tramitacao":2,"tipo_origem_externa":null,"local_origem_externa":null,"user":16,"anexadas":[],"autores":[24]}