{"id":3003,"__str__":"Indica\u00e7\u00e3o n\u00ba 393 de 2025","link_detail_backend":"/materia/3003","metadata":{"signs":{"texto_original":{"admin":[],"autores":[["Luiz Felipe Stafin:108.403.169-84 1",["2025-08-22T10:53:46-03:00","MUNICIPIO DE RIO NEGRO"]]]}}},"numero":393,"ano":2025,"numero_protocolo":1346,"data_apresentacao":"2025-08-22","tipo_apresentacao":"E","data_publicacao":null,"numero_origem_externa":"","ano_origem_externa":null,"data_origem_externa":null,"apelido":"","dias_prazo":null,"data_fim_prazo":null,"em_tramitacao":false,"polemica":false,"objeto":"","complementar":false,"ementa":"Solicita ao Executivo Municipal a instala\u00e7\u00e3o de 02 (duas) lixeiras na comunidade da Barreirinha.","indexacao":"","observacao":"Atualmente, a comunidade da Barreirinha enfrenta dificuldades quanto ao manejo adequado do lixo, devido \u00e0 aus\u00eancia de lixeiras em pontos estrat\u00e9gicos. Essa situa\u00e7\u00e3o tem ocasionado o descarte irregular de res\u00edduos, comprometendo a limpeza das vias, favorecendo a prolifera\u00e7\u00e3o de insetos e animais transmissores de doen\u00e7as, al\u00e9m de prejudicar o bem-estar e a qualidade de vida dos moradores.\r\nA disponibiliza\u00e7\u00e3o das lixeiras contribuir\u00e1 para a preserva\u00e7\u00e3o do meio ambiente, para a manuten\u00e7\u00e3o da limpeza p\u00fablica e para o incentivo \u00e0 conscientiza\u00e7\u00e3o ambiental entre os mun\u00edcipes. Trata-se de medida simples, mas de grande relev\u00e2ncia para a sa\u00fade, a organiza\u00e7\u00e3o e o conv\u00edvio da comunidade local.\r\nDiante do exposto, solicita-se ao Executivo Municipal a ado\u00e7\u00e3o das provid\u00eancias necess\u00e1rias para a instala\u00e7\u00e3o das lixeiras, atendendo assim a esta demanda da comunidade da Barreirinha.\r\nTr\u00e2mite no Processo: N\u00b0 19567/2025 C\u00f3d. Verificador: 8I6NW71N","resultado":"","texto_original":"http://sapl.rionegro.pr.leg.br/media/sapl/public/materialegislativa/2025/3003/ind._393-2025_1.pdf","data_ultima_atualizacao":"2025-08-27T08:39:55.861225-03:00","ip":"45.187.140.14","ultima_edicao":"2025-08-27T08:39:38.233818-03:00","tipo":10,"regime_tramitacao":2,"tipo_origem_externa":null,"local_origem_externa":null,"user":2,"anexadas":[],"autores":[56]}