{"id":3091,"__str__":"Indica\u00e7\u00e3o n\u00ba 447 de 2025","link_detail_backend":"/materia/3091","metadata":{},"numero":447,"ano":2025,"numero_protocolo":1454,"data_apresentacao":"2025-09-22","tipo_apresentacao":"E","data_publicacao":null,"numero_origem_externa":"","ano_origem_externa":null,"data_origem_externa":null,"apelido":"","dias_prazo":null,"data_fim_prazo":null,"em_tramitacao":false,"polemica":false,"objeto":"","complementar":false,"ementa":"Solicita a implanta\u00e7\u00e3o de lixeiras coletivas para dep\u00f3sito de res\u00edduos na localidade de Barra Grande.","indexacao":"","observacao":"A presente demanda foi pauta da audi\u00eancia p\u00fablica realizada em 12 de setembro de 2025, na comunidade de Barra Grande, quando os moradores manifestaram preocupa\u00e7\u00e3o com a inexist\u00eancia de locais apropriados para a destina\u00e7\u00e3o tempor\u00e1ria dos res\u00edduos dom\u00e9sticos. O registro oficial da sess\u00e3o est\u00e1 dispon\u00edvel no Sistema de Apoio ao Processo Legislativo \u2013 SAPL, no link: https://sapl.rionegro.pr.leg.br/sessao/180.\r\nA aus\u00eancia de lixeiras coletivas tem ocasionado descarte irregular de res\u00edduos, ac\u00famulo de lixo em \u00e1reas inadequadas e consequentes transtornos \u00e0 sa\u00fade p\u00fablica, al\u00e9m de impactos negativos ao meio ambiente.\r\nA instala\u00e7\u00e3o de lixeiras em pontos de f\u00e1cil acesso permitir\u00e1 que a comunidade realize o correto acondicionamento dos res\u00edduos, facilitando a coleta pelo servi\u00e7o p\u00fablico municipal.\r\nEssa medida simples, por\u00e9m eficaz, trar\u00e1 benef\u00edcios diretos \u00e0 organiza\u00e7\u00e3o comunit\u00e1ria, \u00e0 preserva\u00e7\u00e3o ambiental e \u00e0 qualidade de vida dos moradores, al\u00e9m de refor\u00e7ar a responsabilidade compartilhada no manejo adequado do lixo.\r\nTr\u00e2mite no  Processo: N\u00b0 21737/2025 C\u00f3d. Verificador: L1D49653","resultado":"","texto_original":"http://sapl.rionegro.pr.leg.br/media/sapl/public/materialegislativa/2025/3091/ind._447.pdf","data_ultima_atualizacao":"2025-09-24T09:09:02.271435-03:00","ip":"45.187.140.14","ultima_edicao":"2025-09-24T09:08:34.795426-03:00","tipo":10,"regime_tramitacao":2,"tipo_origem_externa":null,"local_origem_externa":null,"user":2,"anexadas":[],"autores":[52,23,26,20]}