{"id":3241,"__str__":"Indica\u00e7\u00e3o n\u00ba 522 de 2025","link_detail_backend":"/materia/3241","metadata":{"signs":{"texto_original":{"admin":[],"autores":[["Geovane de Lima:037.249.829-92 1",["2025-11-17T10:47:40-03:00","MUNICIPIO DE RIO NEGRO"]]]}}},"numero":522,"ano":2025,"numero_protocolo":1653,"data_apresentacao":"2025-11-17","tipo_apresentacao":"E","data_publicacao":null,"numero_origem_externa":"","ano_origem_externa":null,"data_origem_externa":null,"apelido":"","dias_prazo":null,"data_fim_prazo":null,"em_tramitacao":false,"polemica":false,"objeto":"","complementar":false,"ementa":"Solicita manuten\u00e7\u00e3o urgente na estrada principal da localidade de Campina Bonita e acesso a propriedades.","indexacao":"","observacao":"A presente indica\u00e7\u00e3o se justifica diante das condi\u00e7\u00f5es prec\u00e1rias da estrada principal da localidade de Campina Bonita, bem como dos acessos \u00e0s propriedades dos  moradores. A via, que \u00e9 essencial para o deslocamento di\u00e1rio das fam\u00edlias, para o escoamento da produ\u00e7\u00e3o rural e para o transporte escolar, encontra-se com buracos, desn\u00edveis e trechos com eros\u00f5es, dificultando significativamente o tr\u00e2nsito de ve\u00edculos.\r\nMoradores relatam que, em dias de chuva, alguns pontos se tornam praticamente intransit\u00e1veis, comprometendo o acesso \u00e0s propriedades, trazendo riscos \u00e0 seguran\u00e7a e preju\u00edzos \u00e0s atividades produtivas. Diante disso, a manuten\u00e7\u00e3o urgente se faz necess\u00e1ria para assegurar mobilidade, seguran\u00e7a e dignidade aos moradores, al\u00e9m de prevenir danos maiores que podem surgir com a continuidade da degrada\u00e7\u00e3o da via.\r\nTr\u00e2mite no Processo: N\u00b0 26376/2025 C\u00f3d. Verificador: 7QF1FS5D","resultado":"","texto_original":"http://sapl.rionegro.pr.leg.br/media/sapl/public/materialegislativa/2025/3241/ind._522_2025._manut_estr_geral_campina_bonita.pdf","data_ultima_atualizacao":"2025-11-19T08:49:59.147313-03:00","ip":"45.187.140.14","ultima_edicao":"2025-11-19T08:49:43.343113-03:00","tipo":10,"regime_tramitacao":2,"tipo_origem_externa":null,"local_origem_externa":null,"user":2,"anexadas":[],"autores":[52]}