{"id":3487,"__str__":"Indica\u00e7\u00e3o n\u00ba 97 de 2026","link_detail_backend":"/materia/3487","metadata":{"signs":{"texto_original":{"admin":[],"autores":[["Odair Pereira:030.942.149-75 1",["2026-03-30T13:56:24-03:00","MUNICIPIO DE RIO NEGRO"]]]}}},"numero":97,"ano":2026,"numero_protocolo":1955,"data_apresentacao":"2026-03-30","tipo_apresentacao":"E","data_publicacao":null,"numero_origem_externa":"","ano_origem_externa":null,"data_origem_externa":null,"apelido":"","dias_prazo":null,"data_fim_prazo":null,"em_tramitacao":false,"polemica":false,"objeto":"","complementar":false,"ementa":"Solicita ao Executivo Municipal que seja realizado o asfaltamento, ou que seja inclu\u00edda em projeto futuro, a pavimenta\u00e7\u00e3o asf\u00e1ltica da Rua Francisco Rankel, localizada no Bairro Alto.","indexacao":"","observacao":"A presente indica\u00e7\u00e3o se faz necess\u00e1ria em raz\u00e3o das condi\u00e7\u00f5es atuais da via, que se encontra sem pavimenta\u00e7\u00e3o adequada, causando transtornos aos moradores e usu\u00e1rios, especialmente em per\u00edodos de chuva, quando h\u00e1 forma\u00e7\u00e3o de lama, dificultando o tr\u00e1fego de ve\u00edculos e pedestres. Em per\u00edodos de estiagem, o excesso de poeira tamb\u00e9m compromete a qualidade de vida da popula\u00e7\u00e3o local.\r\nA pavimenta\u00e7\u00e3o asf\u00e1ltica proporcionar\u00e1 melhores condi\u00e7\u00f5es de mobilidade urbana, seguran\u00e7a no tr\u00e2nsito, valoriza\u00e7\u00e3o dos im\u00f3veis e melhoria na infraestrutura do bairro, atendendo a uma demanda antiga da comunidade.\r\nDiante do exposto, solicita-se a aten\u00e7\u00e3o do Executivo Municipal para o atendimento desta importante reivindica\u00e7\u00e3o. (Foto em anexo).\r\nTr\u00e2mite no Processo: N\u00b0 8051/2026 C\u00f3d. Verificador: 7C9ZJ9I8","resultado":"","texto_original":"http://sapl.rionegro.pr.leg.br/media/sapl/public/materialegislativa/2026/3487/ind._097-26_solicita_pavimentacao_asfaltica_na_rua_francisco_rankel.docx.pdf","data_ultima_atualizacao":"2026-04-01T08:46:49.326239-03:00","ip":"45.187.140.14","ultima_edicao":"2026-04-01T08:46:31.522386-03:00","tipo":10,"regime_tramitacao":2,"tipo_origem_externa":null,"local_origem_externa":null,"user":2,"anexadas":[],"autores":[20]}