{"id":357,"__str__":"Indica\u00e7\u00e3o n\u00ba 140 de 2021","link_detail_backend":"/materia/357","metadata":{},"numero":140,"ano":2021,"numero_protocolo":null,"data_apresentacao":"2021-03-01","tipo_apresentacao":"E","data_publicacao":null,"numero_origem_externa":"","ano_origem_externa":null,"data_origem_externa":null,"apelido":"","dias_prazo":null,"data_fim_prazo":null,"em_tramitacao":false,"polemica":false,"objeto":"","complementar":false,"ementa":"O Vereador que a presente subscreve, no uso de suas atribui\u00e7\u00f5es regimentais, vem solicitar ao Executivo Municipal, para que atrav\u00e9s do Setor Competente, seja inclu\u00edda no Programa de Pavimenta\u00e7\u00e3o Asf\u00e1ltica, a Rua Ervino Ernesto Brunquel, na Localidade de Lageado dos Vieiras.\r\n\r\nJustificativa: Verificamos que se trata de Rua de grande movimento e import\u00e2ncia dentro da Localidade. Com ela pavimentada podemos favorecer a abertura de novas Empresas e tamb\u00e9m turismo local, trazendo muitos benef\u00edcios aos Mun\u00edcipes que ali residem.","indexacao":"","observacao":"","resultado":"","texto_original":"http://sapl.rionegro.pr.leg.br/media/sapl/public/materialegislativa/2021/357/140.2021.pdf","data_ultima_atualizacao":"2023-06-12T11:15:04.200363-03:00","ip":"45.187.140.78","ultima_edicao":"2023-06-12T11:15:04.023982-03:00","tipo":10,"regime_tramitacao":2,"tipo_origem_externa":null,"local_origem_externa":null,"user":2,"anexadas":[],"autores":[25]}