{"id":435,"__str__":"Indica\u00e7\u00e3o n\u00ba 23 de 2022","link_detail_backend":"/materia/435","metadata":{},"numero":23,"ano":2022,"numero_protocolo":null,"data_apresentacao":"2022-02-14","tipo_apresentacao":"E","data_publicacao":null,"numero_origem_externa":"","ano_origem_externa":null,"data_origem_externa":null,"apelido":"","dias_prazo":null,"data_fim_prazo":null,"em_tramitacao":false,"polemica":false,"objeto":"","complementar":false,"ementa":"O Vereador que a presente subscreve, no uso de suas atribui\u00e7\u00f5es regimentais, vem solicitar ao Executivo Municipal, para que atrav\u00e9s do Setor Competente, seja realizado o servi\u00e7o de pintura das faixas de pedestres, principalmente nas avenidas principais.\r\n\r\n\r\nJustificativa: Tal pedido se justifica pois a maioria das faixas de pedestres da Cidade est\u00e3o com a pintura apagada, e muitas vezes os motoristas acabam n\u00e3o enxergando a faixa e passando sem dar aten\u00e7\u00e3o.","indexacao":"","observacao":"","resultado":"","texto_original":"http://sapl.rionegro.pr.leg.br/media/sapl/public/materialegislativa/2022/435/indicacao_no_023.2022.pdf","data_ultima_atualizacao":"2022-10-11T10:56:09.267294-03:00","ip":"200.53.20.204","ultima_edicao":"2022-10-11T10:55:09.306139-03:00","tipo":10,"regime_tramitacao":2,"tipo_origem_externa":null,"local_origem_externa":null,"user":2,"anexadas":[],"autores":[24]}