{"id":455,"__str__":"Indica\u00e7\u00e3o n\u00ba 229 de 2022","link_detail_backend":"/materia/455","metadata":{},"numero":229,"ano":2022,"numero_protocolo":null,"data_apresentacao":"2022-10-10","tipo_apresentacao":"E","data_publicacao":null,"numero_origem_externa":"","ano_origem_externa":null,"data_origem_externa":null,"apelido":"","dias_prazo":null,"data_fim_prazo":null,"em_tramitacao":false,"polemica":false,"objeto":"","complementar":false,"ementa":"O Vereador que a presente subscreve, no uso de suas atribui\u00e7\u00f5es regimentais, vem solicitar ao Executivo Municipal, para que viabilize junto \u00e0 Secretaria de Obras e Servi\u00e7os Urbanos, a instala\u00e7\u00e3o de Placa de \"\u00c1rea Escolar\" nas Ruas Jorge Wiezenthal, Severo de Almeida e Kalil Gemael, todas nas proximidades da Escola Ricardo Nentwig, no Bairro Bom Jesus, bem como promover a instala\u00e7\u00e3o de lombadas na Rua Severo de Almeida, nas proximidades da mesma Escola, e se poss\u00edvel fazer uma faixa de pedestre elevada, pr\u00f3ximo ao port\u00e3o da Escola.\r\n\r\nJUSTIFICATIVA: Tais provid\u00eancias s\u00e3o necess\u00e1rias para maior seguran\u00e7a dos alunos e dos moradores da regi\u00e3o, devido ao grande movimento do 5\u00ba RCC.","indexacao":"","observacao":"","resultado":"","texto_original":"http://sapl.rionegro.pr.leg.br/media/sapl/public/materialegislativa/2022/455/indicacao_no_229.2022.pdf","data_ultima_atualizacao":"2022-10-13T11:05:12.684028-03:00","ip":"200.53.20.204","ultima_edicao":"2022-10-13T11:05:12.510815-03:00","tipo":10,"regime_tramitacao":2,"tipo_origem_externa":null,"local_origem_externa":null,"user":2,"anexadas":[],"autores":[19]}