{"id":483,"__str__":"Projeto de Lei Ordin\u00e1ria n\u00ba 71 de 2022","link_detail_backend":"/materia/483","metadata":{},"numero":71,"ano":2022,"numero_protocolo":null,"data_apresentacao":"2022-10-25","tipo_apresentacao":"E","data_publicacao":null,"numero_origem_externa":"","ano_origem_externa":null,"data_origem_externa":null,"apelido":"","dias_prazo":null,"data_fim_prazo":null,"em_tramitacao":false,"polemica":false,"objeto":"","complementar":false,"ementa":"Estabelece crit\u00e9rios para a qualifica\u00e7\u00e3o como organiza\u00e7\u00f5es sociais de pessoas jur\u00eddicas de direito privado, sem fins lucrativos, cujas atividades sejam relacionadas com a \u00e1rea da sa\u00fade para contrato de gest\u00e3o.","indexacao":"","observacao":"","resultado":"","texto_original":null,"data_ultima_atualizacao":"2022-11-30T08:02:45.989959-03:00","ip":"200.53.20.204","ultima_edicao":"2022-11-01T14:53:20.630348-03:00","tipo":2,"regime_tramitacao":2,"tipo_origem_externa":null,"local_origem_externa":null,"user":2,"anexadas":[],"autores":[18]}