{"id":670,"__str__":"Indica\u00e7\u00e3o n\u00ba 88 de 2023","link_detail_backend":"/materia/670","metadata":{},"numero":88,"ano":2023,"numero_protocolo":null,"data_apresentacao":"2023-04-28","tipo_apresentacao":"E","data_publicacao":null,"numero_origem_externa":"088","ano_origem_externa":2023,"data_origem_externa":null,"apelido":"Indica\u00e7\u00e3o n\u00ba 088/2023","dias_prazo":null,"data_fim_prazo":null,"em_tramitacao":true,"polemica":false,"objeto":"","complementar":false,"ementa":"Encaminhamento de Of\u00edcio.","indexacao":"","observacao":"Iniciativa do Vereador Elcio Josu\u00e9 Cola\u00e7o e demais Vereadores e Vereadoras.","resultado":"","texto_original":"http://sapl.rionegro.pr.leg.br/media/sapl/public/materialegislativa/2023/670/088.2023.pdf","data_ultima_atualizacao":"2023-06-13T14:21:57.475081-03:00","ip":"45.187.140.78","ultima_edicao":"2023-06-13T14:21:57.177721-03:00","tipo":10,"regime_tramitacao":2,"tipo_origem_externa":10,"local_origem_externa":null,"user":2,"anexadas":[],"autores":[21]}