{"id":747,"__str__":"Indica\u00e7\u00e3o n\u00ba 70 de 2021","link_detail_backend":"/materia/747","metadata":{},"numero":70,"ano":2021,"numero_protocolo":null,"data_apresentacao":"2021-02-05","tipo_apresentacao":"E","data_publicacao":null,"numero_origem_externa":"070","ano_origem_externa":2021,"data_origem_externa":null,"apelido":"indica\u00e7\u00e3o n\u00ba 070/2021","dias_prazo":null,"data_fim_prazo":null,"em_tramitacao":false,"polemica":false,"objeto":"","complementar":false,"ementa":"O Vereador que a presente subscreve, no uso de suas atribui\u00e7\u00f5es regimentais, vem solicitar ao Executivo Municipal, para que viabilize junto \u00e0 Secretaria Municipal da Sa\u00fade, a realiza\u00e7\u00e3o de Conv\u00eanio com alguma \u201cCasa de Apoio\u201d ou \u201cAbrigos Comunit\u00e1rios\u201d para pacientes e familiares que necessitem permanecer em Hospitais de Curitiba e Regi\u00e3o Metropolitana.","indexacao":"","observacao":"","resultado":"","texto_original":"http://sapl.rionegro.pr.leg.br/media/sapl/public/materialegislativa/2021/747/070.2021.pdf","data_ultima_atualizacao":"2023-06-14T09:44:58.304458-03:00","ip":"45.187.140.78","ultima_edicao":"2023-06-14T09:41:52.864313-03:00","tipo":10,"regime_tramitacao":2,"tipo_origem_externa":10,"local_origem_externa":null,"user":2,"anexadas":[],"autores":[20]}