{"id":885,"__str__":"Indica\u00e7\u00e3o n\u00ba 268 de 2021","link_detail_backend":"/materia/885","metadata":{},"numero":268,"ano":2021,"numero_protocolo":null,"data_apresentacao":"2021-05-31","tipo_apresentacao":"E","data_publicacao":null,"numero_origem_externa":"268","ano_origem_externa":2021,"data_origem_externa":null,"apelido":"indica\u00e7\u00e3o n\u00ba 268/2021","dias_prazo":null,"data_fim_prazo":null,"em_tramitacao":false,"polemica":false,"objeto":"","complementar":false,"ementa":"O Vereador que a presente subscreve, no uso de suas atribui\u00e7\u00f5es regimentais, vem solicitar \u00e0 Mesa Diretora desta Casa de Leis, para que seja encaminhado Of\u00edcio ao Deputado Estadual Francisco Buhrer, solicitando recursos para aquisi\u00e7\u00e3o de um autom\u00f3vel, saveiro ou similar para atender a Secretaria de Agricultura e Meio Ambiente do Munic\u00edpio de Rio Negro.","indexacao":"","observacao":"","resultado":"","texto_original":"http://sapl.rionegro.pr.leg.br/media/sapl/public/materialegislativa/2021/885/268.2021.pdf","data_ultima_atualizacao":"2023-06-28T10:41:02.740988-03:00","ip":"45.187.140.78","ultima_edicao":"2023-06-28T10:38:23.377565-03:00","tipo":10,"regime_tramitacao":2,"tipo_origem_externa":10,"local_origem_externa":null,"user":2,"anexadas":[],"autores":[21]}