{"id":886,"__str__":"Indica\u00e7\u00e3o n\u00ba 269 de 2021","link_detail_backend":"/materia/886","metadata":{},"numero":269,"ano":2021,"numero_protocolo":null,"data_apresentacao":"2021-05-31","tipo_apresentacao":"E","data_publicacao":null,"numero_origem_externa":"269","ano_origem_externa":2021,"data_origem_externa":null,"apelido":"indica\u00e7\u00e3o n\u00ba 269/2021","dias_prazo":null,"data_fim_prazo":null,"em_tramitacao":false,"polemica":false,"objeto":"","complementar":false,"ementa":"Os Vereadores que a presente subscrevem, no uso de suas atribui\u00e7\u00f5es regimentais, v\u00eam solicitar ao Executivo Municipal, para que disponibilize pelo menos mais uma equipe de sa\u00fade para o atendimento no posto destinado ao enfrentamento do Covid-19, pois conforme nos foi informado, apenas uma \u00fanica equipe vem atendendo a popula\u00e7\u00e3o h\u00e1 mais de 400 (quatrocentos) dias, de forma ininterrupta, o que, obviamente, al\u00e9m de sobrecarregar os funcion\u00e1rios desta equipe, pode culminar com um grande transtorno no caso da necessidade de um dos profissionais se ausentar do posto de trabalho seja por quest\u00f5es de sa\u00fade ou qualquer outra raz\u00e3o. Destacamos ainda, que no caso de algum funcion\u00e1rio desenvolver algum tipo de patologia ligada ao stress ou esgotamento f\u00edsico, poder\u00e1 o executivo vir a ser responsabilizado.","indexacao":"De autoria dos Vereadores:\r\n\r\nRICARDO GON\u00c7ALVES FURQUIM \u2013 PP  \r\nLUIS BOSCHETTO \u2013 PSDB \t                      \t\r\nJO\u00c3O PEDRO DE AMORIM \u2013 PSD \t\t\r\nMARCELO WOTROBA \u2013 CIDADANIA","observacao":"","resultado":"","texto_original":"http://sapl.rionegro.pr.leg.br/media/sapl/public/materialegislativa/2021/886/269.2021.pdf","data_ultima_atualizacao":"2023-06-28T10:51:37.432784-03:00","ip":"45.187.140.78","ultima_edicao":"2023-06-28T10:42:00.004138-03:00","tipo":10,"regime_tramitacao":2,"tipo_origem_externa":10,"local_origem_externa":null,"user":2,"anexadas":[],"autores":[27]}