{"id":937,"__str__":"Indica\u00e7\u00e3o n\u00ba 364 de 2021","link_detail_backend":"/materia/937","metadata":{},"numero":364,"ano":2021,"numero_protocolo":null,"data_apresentacao":"2021-10-04","tipo_apresentacao":"E","data_publicacao":null,"numero_origem_externa":"364","ano_origem_externa":2021,"data_origem_externa":null,"apelido":"indica\u00e7\u00e3o n\u00ba 364/2021","dias_prazo":null,"data_fim_prazo":null,"em_tramitacao":false,"polemica":false,"objeto":"","complementar":false,"ementa":"O Vereador que a presente subscreve, no uso de suas atribui\u00e7\u00f5es regimentais, vem solicitar \u00e0 Mesa Diretora desta Casa de Leis o agendamento de uma Reuni\u00e3o de Gabinete com o Senhor Cleiton do Prado \u2013 Chefe do N\u00facleo de Aten\u00e7\u00e3o as Urg\u00eancias e Emerg\u00eancias da Secretaria Municipal da Sa\u00fade, no dia 19/10, as 18:00 horas, tendo como assunto o transporte de pacientes.","indexacao":"","observacao":"","resultado":"","texto_original":"http://sapl.rionegro.pr.leg.br/media/sapl/public/materialegislativa/2021/937/364.2021.pdf","data_ultima_atualizacao":"2023-06-29T15:22:18.734691-03:00","ip":"45.187.140.78","ultima_edicao":"2023-06-29T15:17:42.909392-03:00","tipo":10,"regime_tramitacao":2,"tipo_origem_externa":10,"local_origem_externa":null,"user":2,"anexadas":[],"autores":[19]}