{"headers": {"id": "ID", "periodo": "Per\u00edodo", "titulo": "Mat\u00e9ria", "autor": "Autor", "ementa": "Ementa", "situacao": "Situa\u00e7\u00e3o"}, "results": [{"id": 2709, "periodo": "ordem dia", "titulo": "Projeto de Lei Ordin\u00e1ria n\u00ba 25 de 2025", "autor": "Alessandro Cristian Von Linsingen - Prefeito Municipal", "ementa": "Disp\u00f5e sobre altera\u00e7\u00e3o na Lei n\u00ba 2550, de 18 de junho de 2015, conforme especifica", "situacao": "Aguardando Parecer Jur\u00eddico"}, {"id": 2715, "periodo": "ordem dia", "titulo": "Projeto de Lei Ordin\u00e1ria n\u00ba 26 de 2025", "autor": "Alessandro Cristian Von Linsingen - Prefeito Municipal", "ementa": "Disp\u00f5e sobre altera\u00e7\u00e3o na Lei n\u00ba 699, de 23 de junho de 1992, conforme especifica.", "situacao": "Aguardando Parecer Jur\u00eddico"}, {"id": 2797, "periodo": "expediente", "titulo": "Requerimento n\u00ba 47 de 2025", "autor": "Isabel Cristina Grossl", "ementa": "A Vereadora ISABEL CRISTINA GROSSL, no uso de suas atribui\u00e7\u00f5es legais e regimentais, vem, respeitosamente, \u00e0 presen\u00e7a de Vossa Excel\u00eancia, com fundamento no que disp\u00f5e o Cap\u00edtulo II, artigo 81, inciso III, do Regimento Interno desta Casa Legislativa, requerer licen\u00e7a n\u00e3o remunerada pelo per\u00edodo de 30 (trinta) dias, a contar do dia 15 de Junho a 15 de Julho do corrente ano, afastamento para tratar de assunto de interesse particular.", "situacao": "N\u00e3o informada"}, {"id": 2798, "periodo": "expediente", "titulo": "Requerimento n\u00ba 48 de 2025", "autor": "Isabel Cristina Grossl", "ementa": "Solicita ao Executivo Municipal e \u00e0 Secretaria de Educa\u00e7\u00e3o informa\u00e7\u00f5es referentes \u00e0 implementa\u00e7\u00e3o da Lei Federal n\u00ba 14.681, de 18 de setembro de 2023.", "situacao": "N\u00e3o informada"}, {"id": 2799, "periodo": "expediente", "titulo": "Requerimento n\u00ba 49 de 2025", "autor": "Neusa Heuko Swarowski,Landivo Geraldo de Oliveira,Luiz Felipe Stafin", "ementa": "Solicita informa\u00e7\u00f5es sobre acidente ocorrido na obra do Posto de Sa\u00fade do Lageado dos Vieiras e requer a presen\u00e7a do Secret\u00e1rio Municipal de Obras em Plen\u00e1rio para prestar esclarecimentos.", "situacao": "N\u00e3o informada"}, {"id": 2801, "periodo": "expediente", "titulo": "Requerimento n\u00ba 50 de 2025", "autor": "Odair Pereira", "ementa": "Requer informa\u00e7\u00f5es sobre a paralisa\u00e7\u00e3o da obra do Espa\u00e7o Educativo no Bairro Alto e a presen\u00e7a do Secret\u00e1rio Municipal de Obras para prestar esclarecimentos.", "situacao": "N\u00e3o informada"}, {"id": 2788, "periodo": "expediente", "titulo": "Indica\u00e7\u00e3o n\u00ba 263 de 2025", "autor": "Milene Torres Gon\u00e7alves Stall", "ementa": "Solicita ao Executivo Municipal que realize manuten\u00e7\u00f5es na Rua Severo de Almeida esquina com a Rua Professor Carlos Weill.", "situacao": "N\u00e3o informada"}, {"id": 2789, "periodo": "expediente", "titulo": "Indica\u00e7\u00e3o n\u00ba 264 de 2025", "autor": "Milene Torres Gon\u00e7alves Stall", "ementa": "Solicita ao Executivo Municipal que realize manuten\u00e7\u00f5es e fa\u00e7a a aquisi\u00e7\u00e3o de materiais na Unidade B\u00e1sica de Sa\u00fade Iraj\u00e1 Martins.", "situacao": "N\u00e3o informada"}, {"id": 2790, "periodo": "expediente", "titulo": "Indica\u00e7\u00e3o n\u00ba 265 de 2025", "autor": "Jo\u00e3o Alves", "ementa": "Solicita a instala\u00e7\u00e3o de abrigo para os pacientes que utilizam o transporte destinado aos hospitais de Curitiba, no ponto localizado em frente ao Bar do M\u00e1rio Gordo, na localidade da Roseira.", "situacao": "N\u00e3o informada"}, {"id": 2791, "periodo": "expediente", "titulo": "Indica\u00e7\u00e3o n\u00ba 266 de 2025", "autor": "Jo\u00e3o Alves", "ementa": "Solicita a realiza\u00e7\u00e3o de manuten\u00e7\u00e3o e revitaliza\u00e7\u00e3o do cemit\u00e9rio localizado ao lado da empresa Linde Vidros, na Avenida Luiz Carlos Pereira Tourinho, n\u00ba 4197, em Rio Negro \u2013 PR.", "situacao": "N\u00e3o informada"}, {"id": 2792, "periodo": "expediente", "titulo": "Indica\u00e7\u00e3o n\u00ba 267 de 2025", "autor": "Odair Pereira", "ementa": "Solicita\u00e7\u00e3o de  100 m\u00b3 (cem metros c\u00fabicos) de cascalho para revestimento de acesso \u00e0 granja, na localidade do S\u00edtio dos Val\u00e9rios,  do Sr. Mario Ruthes, conforme disp\u00f5e o \u00a7 1\u00ba  do  art. 3\u00ba da Lei Municipal  3.271/2023 - Programa da Pedra.", "situacao": "N\u00e3o informada"}, {"id": 2793, "periodo": "expediente", "titulo": "Indica\u00e7\u00e3o n\u00ba 268 de 2025", "autor": "Odair Pereira", "ementa": "Solicita\u00e7\u00e3o de  100 m\u00b3 (cem metros c\u00fabicos) de cascalho para revestimento de acesso \u00e0 granja, na localidade do S\u00edtio dos Val\u00e9rios,  da Sra. Berenice Muziol Kubiak, conforme disp\u00f5e o \u00a7 1\u00ba  do  art. 3\u00ba da Lei Municipal  3.271/2023 - Programa da Pedra.", "situacao": "N\u00e3o informada"}, {"id": 2794, "periodo": "expediente", "titulo": "Indica\u00e7\u00e3o n\u00ba 269 de 2025", "autor": "Landivo Geraldo de Oliveira,Luiz Felipe Stafin", "ementa": "Solicita a elabora\u00e7\u00e3o de projeto para extens\u00e3o da rede de ilumina\u00e7\u00e3o p\u00fablica na Rua Afonso Guilherme Rezler, localizada na Vila Rural Esperan\u00e7a, distrito do Lageado dos Vieiras.", "situacao": "N\u00e3o informada"}, {"id": 2795, "periodo": "expediente", "titulo": "Indica\u00e7\u00e3o n\u00ba 270 de 2025", "autor": "Luiz Felipe Stafin", "ementa": "Solicita a constru\u00e7\u00e3o de cal\u00e7ada em trecho da Rua Jacob Augusto Ritzmann, um dos lado que j\u00e1 possui cal\u00e7amento.", "situacao": "N\u00e3o informada"}, {"id": 2796, "periodo": "expediente", "titulo": "Indica\u00e7\u00e3o n\u00ba 271 de 2025", "autor": "Isabel Cristina Grossl", "ementa": "Solicita ao Poder Executivo Municipal a inclus\u00e3o, no planejamento de obras da atual gest\u00e3o, da constru\u00e7\u00e3o de uma ciclofaixa na Rua Boleslau Paluch, ligando o bairro Campo do Gado ao Centro do munic\u00edpio.", "situacao": "N\u00e3o informada"}, {"id": 2800, "periodo": "expediente", "titulo": "Indica\u00e7\u00e3o n\u00ba 272 de 2025", "autor": "Francisco Veiga", "ementa": "Solicita a remo\u00e7\u00e3o de dois postes localizados na Rua Domingos Severiano Narloch, n\u00ba 84, no bairro Tijuco Preto, por estarem posicionados pr\u00f3ximos \u00e0 resid\u00eancia do Sr. Ivaldo Nilson da Cunha.", "situacao": "N\u00e3o informada"}]}