{"headers": {"id": "ID", "periodo": "Per\u00edodo", "titulo": "Mat\u00e9ria", "autor": "Autor", "ementa": "Ementa", "situacao": "Situa\u00e7\u00e3o"}, "results": [{"id": 3084, "periodo": "expediente", "titulo": "Requerimento n\u00ba 102 de 2025", "autor": "Geovane de Lima,Isabel Cristina Grossl,Maria C\u00e9lia Conte,Odair Pereira", "ementa": "Solicita informa\u00e7\u00f5es detalhadas acerca do fechamento da Unidade de Sa\u00fade da localidade de Barra Grande e sobre o atendimento prestado \u00e0 popula\u00e7\u00e3o afetada", "situacao": "Mat\u00e9ria inclusa no expediente para leitura em Plen\u00e1rio"}, {"id": 3085, "periodo": "expediente", "titulo": "Requerimento n\u00ba 103 de 2025", "autor": "Geovane de Lima,Isabel Cristina Grossl,Maria C\u00e9lia Conte,Odair Pereira", "ementa": "Solicita informa\u00e7\u00f5es ao Executivo Municipal sobre a exist\u00eancia do servi\u00e7o de coleta de lixo comum e recicl\u00e1vel na localidade de Barra Grande e, em caso positivo, o envio do cronograma detalhado de execu\u00e7\u00e3o.", "situacao": "Mat\u00e9ria inclusa no expediente para leitura em Plen\u00e1rio"}, {"id": 3093, "periodo": "expediente", "titulo": "Requerimento n\u00ba 104 de 2025", "autor": "Milene Torres Gon\u00e7alves Stall,Neusa Heuko Swarowski", "ementa": "Solicita informa\u00e7\u00f5es sobre a situa\u00e7\u00e3o do im\u00f3vel p\u00fablico onde funcionava o Centro de Artesanato \u201cMeinrad Anton Friedrich Horn\u201d, atualmente abandonado, e a fiscaliza\u00e7\u00e3o dos bens p\u00fablicos cedidos ou doados pelo Munic\u00edpio.", "situacao": "Mat\u00e9ria inclusa no expediente para leitura em Plen\u00e1rio"}, {"id": 3094, "periodo": "expediente", "titulo": "Requerimento n\u00ba 105 de 2025", "autor": "Elcio Josu\u00e9 Cola\u00e7o,Francisco Veiga,Jo\u00e3o Alves", "ementa": "Solicita que seja oficiada a empresa Arteris Autopista Planalto Sul, requerendo estudos de melhorias no acesso \u00e0 Comunidade da Roseira, com amplia\u00e7\u00e3o das pistas de desacelera\u00e7\u00e3o e acelera\u00e7\u00e3o na pista norte da BR-116, sentido Rio Negro\u2013Curitiba, e/ou outras medidas de seguran\u00e7a vi\u00e1ria.", "situacao": "Mat\u00e9ria inclusa no expediente para leitura em Plen\u00e1rio"}, {"id": 3072, "periodo": "expediente", "titulo": "Indica\u00e7\u00e3o n\u00ba 439 de 2025", "autor": "Maria C\u00e9lia Conte", "ementa": "Solicita ao Executivo Municipal que envie para o Gabinete da Deputada Estadual Fl\u00e1via Francischini, of\u00edcio e projeto para pavimenta\u00e7\u00e3o com lajotas sextavada, para um trecho de 01 (um) Km para Comunidade Queimados.", "situacao": "Mat\u00e9ria inclusa no expediente para leitura em Plen\u00e1rio"}, {"id": 3086, "periodo": "expediente", "titulo": "Indica\u00e7\u00e3o n\u00ba 442 de 2025", "autor": "Francisco Veiga", "ementa": "Solicita ao Executivo Municipal a realiza\u00e7\u00e3o de reparos na ponte de madeira localizada na estrada principal do Cunhup\u00e3, sobre o Rio Passa Tr\u00eas.", "situacao": "Mat\u00e9ria inclusa no expediente para leitura em Plen\u00e1rio"}, {"id": 3087, "periodo": "expediente", "titulo": "Indica\u00e7\u00e3o n\u00ba 443 de 2025", "autor": "Francisco Veiga,Geovane de Lima,Luiz Felipe Stafin,Milene Torres Gon\u00e7alves Stall,Odair Pereira", "ementa": "Solicita ao Executivo Municipal, estudos de viabilidade para constru\u00e7\u00e3o de um barrac\u00e3o comunit\u00e1rio na comunidade da Campina dos Martins.", "situacao": "Mat\u00e9ria inclusa no expediente para leitura em Plen\u00e1rio"}, {"id": 3088, "periodo": "expediente", "titulo": "Indica\u00e7\u00e3o n\u00ba 444 de 2025", "autor": "Milene Torres Gon\u00e7alves Stall", "ementa": "Solicita ao Executivo Municipal que, por meio dos setores competentes, realize a instala\u00e7\u00e3o de ilumina\u00e7\u00e3o c\u00eanica nos pr\u00e9dios p\u00fablicos com as cores alusivas \u00e0s campanhas de conscientiza\u00e7\u00e3o em sa\u00fade e bem-estar.", "situacao": "Mat\u00e9ria inclusa no expediente para leitura em Plen\u00e1rio"}, {"id": 3089, "periodo": "expediente", "titulo": "Indica\u00e7\u00e3o n\u00ba 445 de 2025", "autor": "Milene Torres Gon\u00e7alves Stall", "ementa": "Reiterar o pedido da Indica\u00e7\u00e3o 63/2025 onde solicita cart\u00e3o de identifica\u00e7\u00e3o para portadores de fibromialgia e divulga\u00e7\u00e3o sobre a doen\u00e7a.", "situacao": "Mat\u00e9ria inclusa no expediente para leitura em Plen\u00e1rio"}, {"id": 3090, "periodo": "expediente", "titulo": "Indica\u00e7\u00e3o n\u00ba 446 de 2025", "autor": "Geovane de Lima,Isabel Cristina Grossl,Maria C\u00e9lia Conte,Odair Pereira", "ementa": "Solicita a implanta\u00e7\u00e3o de academia ao ar livre para os idosos e de um parquinho infantil para as crian\u00e7as na localidade de Barra Grande.", "situacao": "Mat\u00e9ria inclusa no expediente para leitura em Plen\u00e1rio"}, {"id": 3091, "periodo": "expediente", "titulo": "Indica\u00e7\u00e3o n\u00ba 447 de 2025", "autor": "Geovane de Lima,Isabel Cristina Grossl,Maria C\u00e9lia Conte,Odair Pereira", "ementa": "Solicita a implanta\u00e7\u00e3o de lixeiras coletivas para dep\u00f3sito de res\u00edduos na localidade de Barra Grande.", "situacao": "Mat\u00e9ria inclusa no expediente para leitura em Plen\u00e1rio"}, {"id": 3092, "periodo": "expediente", "titulo": "Indica\u00e7\u00e3o n\u00ba 448 de 2025", "autor": "Geovane de Lima,Isabel Cristina Grossl,Maria C\u00e9lia Conte,Odair Pereira", "ementa": "Solicita, em car\u00e1ter emergencial, a disponibiliza\u00e7\u00e3o de transporte para os moradores da localidade de Barra Grande, destinado exclusivamente a pacientes que necessitem de atendimento m\u00e9dico na Unidade de Sa\u00fade da Fazendinha.", "situacao": "Mat\u00e9ria inclusa no expediente para leitura em Plen\u00e1rio"}, {"id": 3095, "periodo": "expediente", "titulo": "Indica\u00e7\u00e3o n\u00ba 449 de 2025", "autor": "Odair Pereira", "ementa": "Indica ao Executivo Municipal que encaminhe of\u00edcio ao Deputado Estadual Alexandre Curi solicitando apoio para viabilizar a implanta\u00e7\u00e3o do Projeto \u201cMeu Campinho\u201d no Bairro Alto \u2013 Rio Negro/PR.", "situacao": "N\u00e3o informada"}]}