{"headers": {"id": "ID", "periodo": "Per\u00edodo", "titulo": "Mat\u00e9ria", "autor": "Autor", "ementa": "Ementa", "situacao": "Situa\u00e7\u00e3o"}, "results": [{"id": 3149, "periodo": "expediente", "titulo": "Projeto de Lei Ordin\u00e1ria n\u00ba 63 de 2025", "autor": "Alessandro Cristian Von Linsingen - Prefeito Municipal", "ementa": "Disp\u00f5e sobre altera\u00e7\u00e3o do anexo I da Lei n\u00ba 3353, de 4 de abril de 2024, conforme especifica.", "situacao": "Mat\u00e9ria inclusa no expediente para leitura em Plen\u00e1rio"}, {"id": 3152, "periodo": "expediente", "titulo": "Requerimento n\u00ba 113 de 2025", "autor": "Luiz Felipe Stafin", "ementa": "Concede \u201cVotos de Louvor e Congratula\u00e7\u00f5es\u201d ao Jornal O Regional, do munic\u00edpio de Pi\u00ean, pela edi\u00e7\u00e3o de n\u00famero 1.500 impressa.", "situacao": "N\u00e3o informada"}, {"id": 3164, "periodo": "expediente", "titulo": "Requerimento n\u00ba 114 de 2025", "autor": "Landivo Geraldo de Oliveira,Neusa Heuko Swarowski", "ementa": "Solicita informa\u00e7\u00f5es detalhadas sobre o fechamento da Extens\u00e3o da Unidade de Sa\u00fade da Luiz Milcheski, na Localidade de Ovelhas.", "situacao": "Mat\u00e9ria inclusa no expediente para leitura em Plen\u00e1rio"}, {"id": 3158, "periodo": "expediente", "titulo": "Requerimento n\u00ba 115 de 2025", "autor": "Isabel Cristina Grossl,Milene Torres Gon\u00e7alves Stall", "ementa": "Concede Votos de Louvor e Congratula\u00e7\u00f5es \u00e0 J\u00e9ssica Aparecida Cachoroski, m\u00e3e at\u00edpica e Coordenadora da Rede de Apoio Fam\u00edlias Unidas pelo TEA.", "situacao": "Mat\u00e9ria inclusa no expediente para leitura em Plen\u00e1rio"}, {"id": 3166, "periodo": "expediente", "titulo": "Requerimento n\u00ba 116 de 2025", "autor": "Geovane de Lima,Isabel Cristina Grossl,Milene Torres Gon\u00e7alves Stall,Neusa Heuko Swarowski,Odair Pereira", "ementa": "Solicita informa\u00e7\u00f5es detalhadas, documentos comprobat\u00f3rios e o cronograma oficial relativos \u00e0 substitui\u00e7\u00e3o dos professores contratados pelo regime PSS por professores aprovados em concurso p\u00fablico municipal, bem como a situa\u00e7\u00e3o de turmas eventualmente sem docente na rede municipal.", "situacao": "N\u00e3o informada"}, {"id": 3150, "periodo": "expediente", "titulo": "Indica\u00e7\u00e3o n\u00ba 475 de 2025", "autor": "Elcio Josu\u00e9 Cola\u00e7o,Isabel Cristina Grossl,Milene Torres Gon\u00e7alves Stall", "ementa": "Indica ao Executivo Municipal estudos e provid\u00eancias para a implanta\u00e7\u00e3o do Projeto \u201cJardim dos Sentidos\u201d, espa\u00e7o sensorial, inclusivo e sustent\u00e1vel destinado \u00e0 promo\u00e7\u00e3o da integra\u00e7\u00e3o, do bem-estar e da conscientiza\u00e7\u00e3o ambiental.", "situacao": "Mat\u00e9ria inclusa no expediente para leitura em Plen\u00e1rio"}, {"id": 3151, "periodo": "expediente", "titulo": "Indica\u00e7\u00e3o n\u00ba 476 de 2025", "autor": "Isabel Cristina Grossl", "ementa": "Solicita o envio de of\u00edcio ao SIMEPAR \u2013 Sistema de Tecnologia e Monitoramento Ambiental do Paran\u00e1, requerendo a reforma do im\u00f3vel de sua propriedade localizado na cabeceira da Ponte Dr. Diniz Assis Henning, em nosso munic\u00edpio.", "situacao": "Mat\u00e9ria inclusa no expediente para leitura em Plen\u00e1rio"}, {"id": 3153, "periodo": "expediente", "titulo": "Indica\u00e7\u00e3o n\u00ba 477 de 2025", "autor": "Maria C\u00e9lia Conte", "ementa": "Solicita ao Executivo Municipal que realize estudos e elabore projetos para pavimenta\u00e7\u00e3o asf\u00e1ltica de aproximadamente 7 (sete) quil\u00f4metros na estrada de acesso \u00e0 localidade Fazendinha, iniciando na esquina da Rua Fermino Walter dos Santos (Bar Vicente Maia), at\u00e9 a entrada da localidade da Barra Grande, e que o respectivo projeto seja encaminhado e protocolado junto \u00e0 Secretaria de Estado da Agricultura.", "situacao": "Mat\u00e9ria inclusa no expediente para leitura em Plen\u00e1rio"}, {"id": 3154, "periodo": "expediente", "titulo": "Indica\u00e7\u00e3o n\u00ba 478 de 2025", "autor": "Maria C\u00e9lia Conte", "ementa": "Reitera a indica\u00e7\u00e3o 40/2025, que solicita melhorias e alargamento da estrada que liga a Comunidade Fazendinha I \u00e0 Comunidade Fazendinha II.", "situacao": "Mat\u00e9ria inclusa no expediente para leitura em Plen\u00e1rio"}, {"id": 3155, "periodo": "expediente", "titulo": "Indica\u00e7\u00e3o n\u00ba 479 de 2025", "autor": "Francisco Veiga", "ementa": "Solicita a troca das l\u00e2mpadas queimadas da ilumina\u00e7\u00e3o p\u00fablica na estrada principal da localidade de Retiro Bonito.", "situacao": "Mat\u00e9ria inclusa no expediente para leitura em Plen\u00e1rio"}, {"id": 3156, "periodo": "expediente", "titulo": "Indica\u00e7\u00e3o n\u00ba 480 de 2025", "autor": "Isabel Cristina Grossl", "ementa": "Solicita ao Executivo Municipal a revitaliza\u00e7\u00e3o da Rua XV de Novembro sentido Mafra/Rio Negro, logo na sa\u00edda da Ponte Met\u00e1lica Dr. Diniz Assis Henning.", "situacao": "Mat\u00e9ria inclusa no expediente para leitura em Plen\u00e1rio"}, {"id": 3157, "periodo": "expediente", "titulo": "Indica\u00e7\u00e3o n\u00ba 481 de 2025", "autor": "Francisco Veiga,Isabel Cristina Grossl,Luiz Felipe Stafin,Milene Torres Gon\u00e7alves Stall", "ementa": "Solicita ao Executivo Municipal o envio de of\u00edcio ao Secret\u00e1rio de Estado da Agricultura e do Abastecimento do Paran\u00e1, Sr. M\u00e1rcio Nunes, para destina\u00e7\u00e3o de equipamentos rodovi\u00e1rios ao Munic\u00edpio de Rio Negro.", "situacao": "Mat\u00e9ria inclusa no expediente para leitura em Plen\u00e1rio"}, {"id": 3159, "periodo": "expediente", "titulo": "Indica\u00e7\u00e3o n\u00ba 482 de 2025", "autor": "Milene Torres Gon\u00e7alves Stall", "ementa": "Solicita ao Executivo Municipal que, atrav\u00e9s do setor competente, seja realizado estudo de revis\u00e3o do Plano de Carreira dos Professores do Munic\u00edpio.", "situacao": "Mat\u00e9ria inclusa no expediente para leitura em Plen\u00e1rio"}, {"id": 3160, "periodo": "expediente", "titulo": "Indica\u00e7\u00e3o n\u00ba 483 de 2025", "autor": "Milene Torres Gon\u00e7alves Stall", "ementa": "Reitera o pedido de manuten\u00e7\u00e3o asf\u00e1ltica na Rua Ernesto Sab\u00f3ia, no Campo do Gado.", "situacao": "Mat\u00e9ria inclusa no expediente para leitura em Plen\u00e1rio"}, {"id": 3161, "periodo": "expediente", "titulo": "Indica\u00e7\u00e3o n\u00ba 484 de 2025", "autor": "Milene Torres Gon\u00e7alves Stall", "ementa": "Solicita a poda ou o abate de pinheiro localizado na Rua Jo\u00e3o Vieira Ribas, n\u00ba 496, Bairro Centro.", "situacao": "Mat\u00e9ria inclusa no expediente para leitura em Plen\u00e1rio"}, {"id": 3162, "periodo": "expediente", "titulo": "Indica\u00e7\u00e3o n\u00ba 485 de 2025", "autor": "Odair Pereira", "ementa": "Reitera o pedido na Indica\u00e7\u00e3o 87/2024 ao Executivo Municipal que atrav\u00e9s do setor competente realize a Instala\u00e7\u00e3o de academia ao ar livre e parque infantil na comunidade do Laranjal.", "situacao": "Mat\u00e9ria inclusa no expediente para leitura em Plen\u00e1rio"}, {"id": 3163, "periodo": "expediente", "titulo": "Indica\u00e7\u00e3o n\u00ba 486 de 2025", "autor": "Odair Pereira", "ementa": "Solicita ao Executivo Municipal que atrav\u00e9s do setor competente realize a manuten\u00e7\u00e3o no acostamento na estrada principal da localidade de Fazendinha I.", "situacao": "Mat\u00e9ria inclusa no expediente para leitura em Plen\u00e1rio"}, {"id": 3165, "periodo": "expediente", "titulo": "Indica\u00e7\u00e3o n\u00ba 487 de 2025", "autor": "Landivo Geraldo de Oliveira", "ementa": "Solicita patrolamento e empedramento na estrada de acesso \u00e0 propriedade do Senhor Sadi Veiga, na Localidade de Campina dos Anjos.", "situacao": "Mat\u00e9ria inclusa no expediente para leitura em Plen\u00e1rio"}]}